{"id":13272,"date":"2016-01-29T15:37:08","date_gmt":"2016-01-29T13:37:08","guid":{"rendered":"https:\/\/kvitkainfo.com\/bez-kategoriyi\/darek-k-valentynu.html"},"modified":"2025-05-13T23:04:45","modified_gmt":"2025-05-13T20:04:45","slug":"darek-k-valentynu","status":"publish","type":"post","link":"https:\/\/kvitkainfo.com\/cs\/krajinarsky-design\/darek-k-valentynu.html","title":{"rendered":"D\u00e1rek k Valent\u00fdnu"},"content":{"rendered":"<p>\n\nV polovin\u011b \u00fanora slav\u00ed cel\u00fd sv\u011bt sv\u00e1tek v\u0161ech zamilovan\u00fdch &#8211; Valent\u00fdna. Tato oslava l\u00e1sky je velmi obl\u00edben\u00e1 mezi mladou generac\u00ed. \nNa Valent\u00fdna se ka\u017ed\u00e9mu \u010dlov\u011bku stane n\u011bco p\u0159\u00edjemn\u00e9ho: p\u0159ich\u00e1z\u00ed jaro, pt\u00e1ci zp\u00edvaj\u00ed, kv\u011btiny (rostliny) kvetou, zd\u00e1 se, \u017ee se v\u0161e probouz\u00ed z dlouh\u00e9ho zimn\u00edho sp\u00e1nku.\n<\/p><p>Na Valent\u00fdna se v\u0161ichni milenci sna\u017e\u00ed p\u0159ipravit dojemn\u00e9 d\u00e1rky pro sv\u00e9 &#8222;polovi\u010dky&#8220;. Ka\u017ed\u00fd d\u00e1rek je nutn\u011b dopln\u011bn symbolem l\u00e1sky &#8211; ozdobn\u00fdm srd\u00ed\u010dkem. Hlavn\u00edm symbolem l\u00e1sky, kter\u00fd by m\u011bl b\u00fdt v ka\u017ed\u00e9m d\u00e1rku, jsou ale \u010derstv\u00e9 <strong>kv\u011btiny<\/strong>.  <\/p><figure class=\"wp-block-image size-full\"><img loading=\"lazy\" decoding=\"async\" width=\"800\" height=\"450\" src=\"https:\/\/kvitkainfo.com\/wp-content\/uploads\/2023\/12\/kvitka3.jpg\" alt=\"kvitka3 &#x159;ekl:\" class=\"wp-image-1380\" srcset=\"https:\/\/kvitkainfo.com\/wp-content\/uploads\/2023\/12\/kvitka3.jpg 800w, https:\/\/kvitkainfo.com\/wp-content\/uploads\/2023\/12\/kvitka3-300x169.jpg 300w, https:\/\/kvitkainfo.com\/wp-content\/uploads\/2023\/12\/kvitka3-768x432.jpg 768w\" sizes=\"auto, (max-width: 800px) 100vw, 800px\" \/><\/figure><p><\/p><h2 class=\"wp-block-heading\">Jak\u00e9 kv\u011btiny vybrat jako d\u00e1rek pro milovanou osobu<\/h2><p>M\u016f\u017ee to b\u00fdt jedna <a href=\"https:\/\/kvitkainfo.com\/kimnatni-roslini\/miniatyurna-troyanda-roza-kimnatna.html\">mu\u010denka &#8211; \u010derven\u00e1 r\u016f\u017ee<\/a>. Nebo &#8211; jemn\u00e9 kytice z jarn\u00edch petrkl\u00ed\u010d\u016f. V t\u00e9to dob\u011b jsou obzvl\u00e1\u0161t\u011b \u017e\u00e1dan\u00e9 kv\u011btin\u00e1\u010de s <a href=\"https:\/\/kvitkainfo.com\/roslini-vidkritogo-gruntu\/yak-saditi-cibulini-kvitiv.html\">tulip\u00e1ny, hyacinty, narcisy,<\/a><a href=\"https:\/\/kvitkainfo.com\/kimnatni-roslini\/kalla-doglyad.html\"> kaly<\/a>, <a href=\"https:\/\/kvitkainfo.com\/kimnatni-roslini\/begoniya.html\">beg\u00f3nie<\/a>. Cibulovit\u00e9 kv\u011bty v kv\u011btin\u00e1\u010d\u00edch si zachov\u00e1vaj\u00ed sv\u011b\u017eest mnohem d\u00e9le ne\u017e \u0159ezan\u00e9 kv\u011btiny v kytici. Cibulky t\u011bchto jarn\u00edch kv\u011btin lze nav\u00edc n\u00e1sledn\u011b p\u0159esadit do zahrady, kde budou \u017e\u00edt a kv\u00e9st po mnoho let.    <\/p><p>Na Valent\u00fdna jsou tak\u00e9 obl\u00edben\u00e9 luxusn\u00ed stromy kvetouc\u00edch <a href=\"https:\/\/kvitkainfo.com\/kimnatni-roslini\/azaliya-pravilnii-doglyad.html\">azalek<\/a> a <a href=\"https:\/\/kvitkainfo.com\/kimnatni-roslini\/kameliya-doglyad-ta-rozmnozhennya.html\">kam\u00e9li\u00ed<\/a>, <a href=\"https:\/\/kvitkainfo.com\/kimnatni-roslini\/gardeniya-doglyad-ta-rozmnozhennya.html\">gard\u00e9nie<\/a>, kter\u00e9 se p\u0159i pe\u010dliv\u00e9 p\u00e9\u010di budou ka\u017ed\u00fdm rokem zv\u011bt\u0161ovat a kr\u00e1sn\u011bj\u0161\u00ed a budou p\u0159ipom\u00ednat tohoto konkr\u00e9tn\u00edho Valent\u00fdna.<\/p><p>Dobr\u00fdm &#8222;\u017eiv\u00fdm&#8220; d\u00e1rkem k Valent\u00fdnu budou tak\u00e9 n\u00e1sleduj\u00edc\u00ed atraktivn\u00ed rostliny: <a href=\"https:\/\/kvitkainfo.com\/kimnatni-roslini\/ehmeliya-doglyad.html\"> aechmea<\/a>, <a href=\"https:\/\/kvitkainfo.com\/kimnatni-roslini\/anturium-doglyad-ta-rozmnozhennya.html\">anthurium<\/a> a <a href=\"https:\/\/kvitkainfo.com\/kimnatni-roslini\/orhidei_-doglyad-za-orhideyami.html\">orchidej<\/a> . Ne nadarmo jsou tyto kv\u011btiny vybr\u00e1ny jako d\u00e1rek k Valent\u00fdnu &#8211; elegantn\u00ed rostliny rozkvetou v p\u0159edve\u010der sv\u00e1tku a budou kv\u00e9st velmi dlouho, p\u0159in\u00e1\u0161et radost a vyvol\u00e1vat p\u0159\u00edjemn\u00e9 vzpom\u00ednky. <\/p><h3 class=\"wp-block-heading\">Viz t\u00e9\u017e: Levandule m\u016f\u017ee b\u00fdt r\u016f\u017eov\u00e1, fialov\u00e1, b\u00edl\u00e1 a dokonce \u017elut\u00e1.  <\/h3><h2 class=\"wp-block-heading\">Gratulujeme ke svat\u00e9mu Valent\u00fdnu. Valentinka <\/h2><p>M\u00e1 milovan\u00e1!<\/p><p>Jsi hudba m\u00e9ho \u017eivota,<\/p><p>Kouzeln\u00fd zp\u011bv &#8211; \u017e\u00e1dn\u00e1 slova, \u017e\u00e1dn\u00e9 srovn\u00e1n\u00ed<\/p><p>Melodie, kter\u00e1 nem\u00e1 cesty zp\u011bt<\/p><p>Proto\u017ee na\u0161e du\u0161e jsou spojeny l\u00e1skou!<\/p><p>Miluji v\u00e1s oddan\u011b a n\u011b\u017en\u011b!<\/p><p>XXXXX<\/p><p>Miluji v\u00e1s a va\u0161e o\u010di,<\/p><p>Tv\u00e9 vlasy jsou zlat\u00e9,<\/p><p>jen ty o mn\u011b sn\u00ed\u0161 ka\u017edou noc,<\/p><p>Tyto sny jsou pro m\u011b h\u0159ejiv\u011bj\u0161\u00ed<\/p><p>pro poledn\u00ed letn\u00ed horko,<\/p><p>tv\u00e1 \u00fasta jsou jako r\u00e1j<\/p><p>Kdy\u017e m\u011b l\u00edb\u00e1\u0161, poznej m\u011b,<\/p><p>Je tak dobr\u00e9, \u017ee t\u011b m\u00e1m<\/p><p>Miluju, miluju v\u00e1s a je to!<\/p><p>XXXXX<\/p><p>Vesel\u00e9ho Valent\u00fdna<\/p><p>Blahop\u0159eji V\u00e1m!<\/p><p>Mo\u0159e radosti v l\u00e1sce,<\/p><p>P\u0159\u00e1l bych v\u00e1m to!<\/p><p>Hv\u011bzda z nebe, perly ze dna,<\/p><p>Dostanu v\u00e1s!<\/p><p>Vykouzlit ti \u00fasm\u011bv na tv\u00e1\u0159i,<\/p><p>Bude to z\u00e1\u0159it jen ve v\u00e1s!<\/p><p>A medov\u00e9 o\u010di,<\/p><p>Nechte je k v\u00e1m p\u0159it\u00e1hnout!<\/p><p>Polibky ve sv\u00e1te\u010dn\u00ed den,<\/p><p>Nechte je b\u00fdt jen v\u00e1m!<\/p><p>XXXXX<\/p><p>Proces l\u00e1sky, ze zem\u011b do nebe,<\/p><p>M\u00e1 du\u0161e povst\u00e1v\u00e1,<\/p><p>bolest a tr\u00e1pen\u00ed daleko ode mne,<\/p><p>Jen ty jsi jedin\u00fd, kdo z\u016fstal<\/p><p>Jsem s v\u00e1mi, na v\u0161echno zapom\u00edn\u00e1m.<\/p><p>Jsi m\u016fj and\u011bl, miluji t\u011b.<\/p><p>XXXXX<\/p><p>P\u0159eji si l\u00e1sku,<\/p><p>Prost\u011b l\u00e1ska&#8230;<\/p><p>&#8230; \u0160\u00edlenec je jako bou\u0159ka,<\/p><p>Neomezen\u00e1 jako oce\u00e1n,<\/p><p>Up\u0159\u00edmn\u00fd jako slunce<\/p><p>Ano, nekone\u010dn\u00e9 jako \u010das s\u00e1m!<\/p><p>XXXXX<\/p><p>V\u0161echno, co pot\u0159ebuju, jsi ty<\/p><p>Pot\u0159ebuji va\u0161e sny<\/p><p>Pot\u0159ebuji va\u0161e o\u010di<\/p><p>Noci str\u00e1ven\u00e9 s v\u00e1mi<\/p><p>Tv\u00e1 ruka v m\u00e9 dlani<\/p><p>Tv\u016fj polibek na tv\u00e1\u0159<\/p><p>V\u00e1\u0161 pohled, \u00fasm\u011bv a sm\u00edch<\/p><p>Jsi m\u00e9 <a href=\"https:\/\/klepkainfo.com\/zdorovya\/buti-uvazhno-prisutnim-buti-szaslivim.html\">\u0161t\u011bst\u00ed<\/a> a m\u016fj h\u0159\u00edch<\/p><p>Moje zima, jaro a l\u00e9to<\/p><p>a bolest je smyta se v\u0161\u00ed vodou<\/p><p>Zde slunce vych\u00e1z\u00ed zpoza hory<\/p><p>Temnota je pry\u010d<\/p><p>Objevil jste se<\/p><p>XXXXX<\/p><p>M\u00e1 drah\u00e1 milovan\u00e1!<\/p><p>Vesel\u00e9ho Valent\u00fdna!<\/p>","protected":false},"excerpt":{"rendered":"<p>V polovin\u011b \u00fanora slav\u00ed cel\u00fd sv\u011bt sv\u00e1tek v\u0161ech zamilovan\u00fdch &#8211; Valent\u00fdna. Tato oslava l\u00e1sky je velmi obl\u00edben\u00e1 mezi mladou generac\u00ed.<br \/>\nNa Valent\u00fdna se ka\u017ed\u00e9mu \u010dlov\u011bku stane n\u011bco p\u0159\u00edjemn\u00e9ho: p\u0159ich\u00e1z\u00ed jaro, pt\u00e1ci zp\u00edvaj\u00ed, kv\u011btiny (rostliny) kvetou, zd\u00e1 se, \u017ee se v\u0161e probouz\u00ed z dlouh\u00e9ho zimn\u00edho sp\u00e1nku.<\/p>\n","protected":false},"author":3,"featured_media":13273,"comment_status":"closed","ping_status":"open","sticky":false,"template":"","format":"standard","meta":{"_kad_blocks_custom_css":"","_kad_blocks_head_custom_js":"","_kad_blocks_body_custom_js":"","_kad_blocks_footer_custom_js":"","_kadence_starter_templates_imported_post":false,"_kad_post_transparent":"","_kad_post_title":"","_kad_post_layout":"","_kad_post_sidebar_id":"","_kad_post_content_style":"","_kad_post_vertical_padding":"","_kad_post_feature":"","_kad_post_feature_position":"","_kad_post_header":false,"_kad_post_footer":false,"_kad_post_classname":"","footnotes":""},"categories":[79],"tags":[],"class_list":["post-13272","post","type-post","status-publish","format-standard","has-post-thumbnail","hentry","category-krajinarsky-design"],"yoast_head":"<!-- This site is optimized with the Yoast SEO plugin v27.4 - https:\/\/yoast.com\/product\/yoast-seo-wordpress\/ -->\n<title>D\u00e1rek k Valent\u00fdnu<\/title>\n<meta name=\"description\" content=\"Jak\u00fd d\u00e1rek d\u00e1t sv\u00e9mu milovan\u00e9mu na Valent\u00fdna\" \/>\n<meta name=\"robots\" content=\"index, follow, max-snippet:-1, max-image-preview:large, max-video-preview:-1\" \/>\n<link rel=\"canonical\" href=\"https:\/\/kvitkainfo.com\/cs\/krajinarsky-design\/darek-k-valentynu.html\" \/>\n<meta property=\"og:locale\" content=\"cs_CZ\" \/>\n<meta property=\"og:type\" content=\"article\" \/>\n<meta property=\"og:title\" content=\"D\u00e1rek k Valent\u00fdnu\" \/>\n<meta property=\"og:description\" content=\"Jak\u00fd d\u00e1rek d\u00e1t sv\u00e9mu milovan\u00e9mu na Valent\u00fdna\" \/>\n<meta property=\"og:url\" content=\"https:\/\/kvitkainfo.com\/cs\/krajinarsky-design\/darek-k-valentynu.html\" \/>\n<meta property=\"og:site_name\" content=\"KvitkaInfo.com: \u043a\u0432\u0456\u0442\u0438, \u0434\u043e\u043c\u0430\u0448\u043d\u0456 \u0440\u043e\u0441\u043b\u0438\u043d\u0438, \u0441\u0430\u0434, \u0433\u043e\u0440\u043e\u0434, \u043b\u0430\u043d\u0434\u0448\u0430\u0444\u0442\u043d\u0438\u0439 \u0434\u0438\u0437\u0430\u0439\u043d\" \/>\n<meta property=\"article:published_time\" content=\"2016-01-29T13:37:08+00:00\" \/>\n<meta property=\"article:modified_time\" content=\"2025-05-13T20:04:45+00:00\" \/>\n<meta property=\"og:image\" content=\"https:\/\/kvitkainfo.com\/wp-content\/uploads\/2023\/12\/podarunok_na_den_sv__valentina.jpg\" \/>\n\t<meta property=\"og:image:width\" content=\"800\" \/>\n\t<meta property=\"og:image:height\" content=\"452\" \/>\n\t<meta property=\"og:image:type\" content=\"image\/jpeg\" \/>\n<meta name=\"author\" content=\"ira\" \/>\n<meta name=\"twitter:card\" content=\"summary_large_image\" \/>\n<meta name=\"twitter:label1\" content=\"Napsal(a)\" \/>\n\t<meta name=\"twitter:data1\" content=\"ira\" \/>\n\t<meta name=\"twitter:label2\" content=\"Odhadovan\u00e1 doba \u010dten\u00ed\" \/>\n\t<meta name=\"twitter:data2\" content=\"3 minuty\" \/>\n<script type=\"application\/ld+json\" class=\"yoast-schema-graph\">{\"@context\":\"https:\\\/\\\/schema.org\",\"@graph\":[{\"@type\":\"Article\",\"@id\":\"https:\\\/\\\/kvitkainfo.com\\\/cs\\\/krajinarsky-design\\\/darek-k-valentynu.html#article\",\"isPartOf\":{\"@id\":\"https:\\\/\\\/kvitkainfo.com\\\/cs\\\/krajinarsky-design\\\/darek-k-valentynu.html\"},\"author\":{\"name\":\"ira\",\"@id\":\"https:\\\/\\\/kvitkainfo.com\\\/cs#\\\/schema\\\/person\\\/36beea6430b425329e54752e4c70d039\"},\"headline\":\"D\u00e1rek k Valent\u00fdnu\",\"datePublished\":\"2016-01-29T13:37:08+00:00\",\"dateModified\":\"2025-05-13T20:04:45+00:00\",\"mainEntityOfPage\":{\"@id\":\"https:\\\/\\\/kvitkainfo.com\\\/cs\\\/krajinarsky-design\\\/darek-k-valentynu.html\"},\"wordCount\":680,\"image\":{\"@id\":\"https:\\\/\\\/kvitkainfo.com\\\/cs\\\/krajinarsky-design\\\/darek-k-valentynu.html#primaryimage\"},\"thumbnailUrl\":\"https:\\\/\\\/kvitkainfo.com\\\/wp-content\\\/uploads\\\/2023\\\/12\\\/podarunok_na_den_sv__valentina.jpg\",\"articleSection\":[\"Krajin\u00e1\u0159sk\u00fd design\"],\"inLanguage\":\"cs\"},{\"@type\":\"WebPage\",\"@id\":\"https:\\\/\\\/kvitkainfo.com\\\/cs\\\/krajinarsky-design\\\/darek-k-valentynu.html\",\"url\":\"https:\\\/\\\/kvitkainfo.com\\\/cs\\\/krajinarsky-design\\\/darek-k-valentynu.html\",\"name\":\"D\u00e1rek k Valent\u00fdnu\",\"isPartOf\":{\"@id\":\"https:\\\/\\\/kvitkainfo.com\\\/cs#website\"},\"primaryImageOfPage\":{\"@id\":\"https:\\\/\\\/kvitkainfo.com\\\/cs\\\/krajinarsky-design\\\/darek-k-valentynu.html#primaryimage\"},\"image\":{\"@id\":\"https:\\\/\\\/kvitkainfo.com\\\/cs\\\/krajinarsky-design\\\/darek-k-valentynu.html#primaryimage\"},\"thumbnailUrl\":\"https:\\\/\\\/kvitkainfo.com\\\/wp-content\\\/uploads\\\/2023\\\/12\\\/podarunok_na_den_sv__valentina.jpg\",\"datePublished\":\"2016-01-29T13:37:08+00:00\",\"dateModified\":\"2025-05-13T20:04:45+00:00\",\"author\":{\"@id\":\"https:\\\/\\\/kvitkainfo.com\\\/cs#\\\/schema\\\/person\\\/36beea6430b425329e54752e4c70d039\"},\"description\":\"Jak\u00fd d\u00e1rek d\u00e1t sv\u00e9mu milovan\u00e9mu na Valent\u00fdna\",\"breadcrumb\":{\"@id\":\"https:\\\/\\\/kvitkainfo.com\\\/cs\\\/krajinarsky-design\\\/darek-k-valentynu.html#breadcrumb\"},\"inLanguage\":\"cs\",\"potentialAction\":[{\"@type\":\"ReadAction\",\"target\":[\"https:\\\/\\\/kvitkainfo.com\\\/cs\\\/krajinarsky-design\\\/darek-k-valentynu.html\"]}]},{\"@type\":\"ImageObject\",\"inLanguage\":\"cs\",\"@id\":\"https:\\\/\\\/kvitkainfo.com\\\/cs\\\/krajinarsky-design\\\/darek-k-valentynu.html#primaryimage\",\"url\":\"https:\\\/\\\/kvitkainfo.com\\\/wp-content\\\/uploads\\\/2023\\\/12\\\/podarunok_na_den_sv__valentina.jpg\",\"contentUrl\":\"https:\\\/\\\/kvitkainfo.com\\\/wp-content\\\/uploads\\\/2023\\\/12\\\/podarunok_na_den_sv__valentina.jpg\",\"width\":800,\"height\":452},{\"@type\":\"BreadcrumbList\",\"@id\":\"https:\\\/\\\/kvitkainfo.com\\\/cs\\\/krajinarsky-design\\\/darek-k-valentynu.html#breadcrumb\",\"itemListElement\":[{\"@type\":\"ListItem\",\"position\":1,\"name\":\"Home\",\"item\":\"https:\\\/\\\/kvitkainfo.com\\\/cs\"},{\"@type\":\"ListItem\",\"position\":2,\"name\":\"D\u00e1rek k Valent\u00fdnu\"}]},{\"@type\":\"WebSite\",\"@id\":\"https:\\\/\\\/kvitkainfo.com\\\/cs#website\",\"url\":\"https:\\\/\\\/kvitkainfo.com\\\/cs\",\"name\":\"KvitkaInfo.com: \u043a\u0432\u0456\u0442\u0438, \u0434\u043e\u043c\u0430\u0448\u043d\u0456 \u0440\u043e\u0441\u043b\u0438\u043d\u0438, \u0441\u0430\u0434, \u0433\u043e\u0440\u043e\u0434, \u043b\u0430\u043d\u0434\u0448\u0430\u0444\u0442\u043d\u0438\u0439 \u0434\u0438\u0437\u0430\u0439\u043d\",\"description\":\"\",\"potentialAction\":[{\"@type\":\"SearchAction\",\"target\":{\"@type\":\"EntryPoint\",\"urlTemplate\":\"https:\\\/\\\/kvitkainfo.com\\\/cs?s={search_term_string}\"},\"query-input\":{\"@type\":\"PropertyValueSpecification\",\"valueRequired\":true,\"valueName\":\"search_term_string\"}}],\"inLanguage\":\"cs\"},{\"@type\":\"Person\",\"@id\":\"https:\\\/\\\/kvitkainfo.com\\\/cs#\\\/schema\\\/person\\\/36beea6430b425329e54752e4c70d039\",\"name\":\"ira\",\"image\":{\"@type\":\"ImageObject\",\"inLanguage\":\"cs\",\"@id\":\"https:\\\/\\\/secure.gravatar.com\\\/avatar\\\/2dc1971c3fd6bdcce5c6d47267d52f7d27a1181b60054c9e9ef1acc1cbddfd1b?s=96&d=mm&r=g\",\"url\":\"https:\\\/\\\/secure.gravatar.com\\\/avatar\\\/2dc1971c3fd6bdcce5c6d47267d52f7d27a1181b60054c9e9ef1acc1cbddfd1b?s=96&d=mm&r=g\",\"contentUrl\":\"https:\\\/\\\/secure.gravatar.com\\\/avatar\\\/2dc1971c3fd6bdcce5c6d47267d52f7d27a1181b60054c9e9ef1acc1cbddfd1b?s=96&d=mm&r=g\",\"caption\":\"ira\"},\"url\":\"https:\\\/\\\/kvitkainfo.com\\\/cs\\\/author\\\/ira\"}]}<\/script>\n<!-- \/ Yoast SEO plugin. -->","yoast_head_json":{"title":"D\u00e1rek k Valent\u00fdnu","description":"Jak\u00fd d\u00e1rek d\u00e1t sv\u00e9mu milovan\u00e9mu na Valent\u00fdna","robots":{"index":"index","follow":"follow","max-snippet":"max-snippet:-1","max-image-preview":"max-image-preview:large","max-video-preview":"max-video-preview:-1"},"canonical":"https:\/\/kvitkainfo.com\/cs\/krajinarsky-design\/darek-k-valentynu.html","og_locale":"cs_CZ","og_type":"article","og_title":"D\u00e1rek k Valent\u00fdnu","og_description":"Jak\u00fd d\u00e1rek d\u00e1t sv\u00e9mu milovan\u00e9mu na Valent\u00fdna","og_url":"https:\/\/kvitkainfo.com\/cs\/krajinarsky-design\/darek-k-valentynu.html","og_site_name":"KvitkaInfo.com: \u043a\u0432\u0456\u0442\u0438, \u0434\u043e\u043c\u0430\u0448\u043d\u0456 \u0440\u043e\u0441\u043b\u0438\u043d\u0438, \u0441\u0430\u0434, \u0433\u043e\u0440\u043e\u0434, \u043b\u0430\u043d\u0434\u0448\u0430\u0444\u0442\u043d\u0438\u0439 \u0434\u0438\u0437\u0430\u0439\u043d","article_published_time":"2016-01-29T13:37:08+00:00","article_modified_time":"2025-05-13T20:04:45+00:00","og_image":[{"width":800,"height":452,"url":"https:\/\/kvitkainfo.com\/wp-content\/uploads\/2023\/12\/podarunok_na_den_sv__valentina.jpg","type":"image\/jpeg"}],"author":"ira","twitter_card":"summary_large_image","twitter_misc":{"Napsal(a)":"ira","Odhadovan\u00e1 doba \u010dten\u00ed":"3 minuty"},"schema":{"@context":"https:\/\/schema.org","@graph":[{"@type":"Article","@id":"https:\/\/kvitkainfo.com\/cs\/krajinarsky-design\/darek-k-valentynu.html#article","isPartOf":{"@id":"https:\/\/kvitkainfo.com\/cs\/krajinarsky-design\/darek-k-valentynu.html"},"author":{"name":"ira","@id":"https:\/\/kvitkainfo.com\/cs#\/schema\/person\/36beea6430b425329e54752e4c70d039"},"headline":"D\u00e1rek k Valent\u00fdnu","datePublished":"2016-01-29T13:37:08+00:00","dateModified":"2025-05-13T20:04:45+00:00","mainEntityOfPage":{"@id":"https:\/\/kvitkainfo.com\/cs\/krajinarsky-design\/darek-k-valentynu.html"},"wordCount":680,"image":{"@id":"https:\/\/kvitkainfo.com\/cs\/krajinarsky-design\/darek-k-valentynu.html#primaryimage"},"thumbnailUrl":"https:\/\/kvitkainfo.com\/wp-content\/uploads\/2023\/12\/podarunok_na_den_sv__valentina.jpg","articleSection":["Krajin\u00e1\u0159sk\u00fd design"],"inLanguage":"cs"},{"@type":"WebPage","@id":"https:\/\/kvitkainfo.com\/cs\/krajinarsky-design\/darek-k-valentynu.html","url":"https:\/\/kvitkainfo.com\/cs\/krajinarsky-design\/darek-k-valentynu.html","name":"D\u00e1rek k Valent\u00fdnu","isPartOf":{"@id":"https:\/\/kvitkainfo.com\/cs#website"},"primaryImageOfPage":{"@id":"https:\/\/kvitkainfo.com\/cs\/krajinarsky-design\/darek-k-valentynu.html#primaryimage"},"image":{"@id":"https:\/\/kvitkainfo.com\/cs\/krajinarsky-design\/darek-k-valentynu.html#primaryimage"},"thumbnailUrl":"https:\/\/kvitkainfo.com\/wp-content\/uploads\/2023\/12\/podarunok_na_den_sv__valentina.jpg","datePublished":"2016-01-29T13:37:08+00:00","dateModified":"2025-05-13T20:04:45+00:00","author":{"@id":"https:\/\/kvitkainfo.com\/cs#\/schema\/person\/36beea6430b425329e54752e4c70d039"},"description":"Jak\u00fd d\u00e1rek d\u00e1t sv\u00e9mu milovan\u00e9mu na Valent\u00fdna","breadcrumb":{"@id":"https:\/\/kvitkainfo.com\/cs\/krajinarsky-design\/darek-k-valentynu.html#breadcrumb"},"inLanguage":"cs","potentialAction":[{"@type":"ReadAction","target":["https:\/\/kvitkainfo.com\/cs\/krajinarsky-design\/darek-k-valentynu.html"]}]},{"@type":"ImageObject","inLanguage":"cs","@id":"https:\/\/kvitkainfo.com\/cs\/krajinarsky-design\/darek-k-valentynu.html#primaryimage","url":"https:\/\/kvitkainfo.com\/wp-content\/uploads\/2023\/12\/podarunok_na_den_sv__valentina.jpg","contentUrl":"https:\/\/kvitkainfo.com\/wp-content\/uploads\/2023\/12\/podarunok_na_den_sv__valentina.jpg","width":800,"height":452},{"@type":"BreadcrumbList","@id":"https:\/\/kvitkainfo.com\/cs\/krajinarsky-design\/darek-k-valentynu.html#breadcrumb","itemListElement":[{"@type":"ListItem","position":1,"name":"Home","item":"https:\/\/kvitkainfo.com\/cs"},{"@type":"ListItem","position":2,"name":"D\u00e1rek k Valent\u00fdnu"}]},{"@type":"WebSite","@id":"https:\/\/kvitkainfo.com\/cs#website","url":"https:\/\/kvitkainfo.com\/cs","name":"KvitkaInfo.com: \u043a\u0432\u0456\u0442\u0438, \u0434\u043e\u043c\u0430\u0448\u043d\u0456 \u0440\u043e\u0441\u043b\u0438\u043d\u0438, \u0441\u0430\u0434, \u0433\u043e\u0440\u043e\u0434, \u043b\u0430\u043d\u0434\u0448\u0430\u0444\u0442\u043d\u0438\u0439 \u0434\u0438\u0437\u0430\u0439\u043d","description":"","potentialAction":[{"@type":"SearchAction","target":{"@type":"EntryPoint","urlTemplate":"https:\/\/kvitkainfo.com\/cs?s={search_term_string}"},"query-input":{"@type":"PropertyValueSpecification","valueRequired":true,"valueName":"search_term_string"}}],"inLanguage":"cs"},{"@type":"Person","@id":"https:\/\/kvitkainfo.com\/cs#\/schema\/person\/36beea6430b425329e54752e4c70d039","name":"ira","image":{"@type":"ImageObject","inLanguage":"cs","@id":"https:\/\/secure.gravatar.com\/avatar\/2dc1971c3fd6bdcce5c6d47267d52f7d27a1181b60054c9e9ef1acc1cbddfd1b?s=96&d=mm&r=g","url":"https:\/\/secure.gravatar.com\/avatar\/2dc1971c3fd6bdcce5c6d47267d52f7d27a1181b60054c9e9ef1acc1cbddfd1b?s=96&d=mm&r=g","contentUrl":"https:\/\/secure.gravatar.com\/avatar\/2dc1971c3fd6bdcce5c6d47267d52f7d27a1181b60054c9e9ef1acc1cbddfd1b?s=96&d=mm&r=g","caption":"ira"},"url":"https:\/\/kvitkainfo.com\/cs\/author\/ira"}]}},"taxonomy_info":{"category":[{"value":79,"label":"Krajin\u00e1\u0159sk\u00fd design"}]},"featured_image_src_large":["https:\/\/kvitkainfo.com\/wp-content\/uploads\/2023\/12\/podarunok_na_den_sv__valentina.jpg",800,452,false],"author_info":{"display_name":"ira","author_link":"https:\/\/kvitkainfo.com\/cs\/author\/ira"},"comment_info":"","category_info":[{"term_id":79,"name":"Krajin\u00e1\u0159sk\u00fd design","slug":"krajinarsky-design","term_group":0,"term_taxonomy_id":79,"taxonomy":"category","description":"Krajin\u00e1\u0159sk\u00fd design a dekorace pozemk\u016f","parent":0,"count":77,"filter":"raw","cat_ID":79,"category_count":77,"category_description":"Krajin\u00e1\u0159sk\u00fd design a dekorace pozemk\u016f","cat_name":"Krajin\u00e1\u0159sk\u00fd design","category_nicename":"krajinarsky-design","category_parent":0}],"tag_info":false,"_links":{"self":[{"href":"https:\/\/kvitkainfo.com\/cs\/wp-json\/wp\/v2\/posts\/13272","targetHints":{"allow":["GET"]}}],"collection":[{"href":"https:\/\/kvitkainfo.com\/cs\/wp-json\/wp\/v2\/posts"}],"about":[{"href":"https:\/\/kvitkainfo.com\/cs\/wp-json\/wp\/v2\/types\/post"}],"author":[{"embeddable":true,"href":"https:\/\/kvitkainfo.com\/cs\/wp-json\/wp\/v2\/users\/3"}],"replies":[{"embeddable":true,"href":"https:\/\/kvitkainfo.com\/cs\/wp-json\/wp\/v2\/comments?post=13272"}],"version-history":[{"count":1,"href":"https:\/\/kvitkainfo.com\/cs\/wp-json\/wp\/v2\/posts\/13272\/revisions"}],"predecessor-version":[{"id":13275,"href":"https:\/\/kvitkainfo.com\/cs\/wp-json\/wp\/v2\/posts\/13272\/revisions\/13275"}],"wp:featuredmedia":[{"embeddable":true,"href":"https:\/\/kvitkainfo.com\/cs\/wp-json\/wp\/v2\/media\/13273"}],"wp:attachment":[{"href":"https:\/\/kvitkainfo.com\/cs\/wp-json\/wp\/v2\/media?parent=13272"}],"wp:term":[{"taxonomy":"category","embeddable":true,"href":"https:\/\/kvitkainfo.com\/cs\/wp-json\/wp\/v2\/categories?post=13272"},{"taxonomy":"post_tag","embeddable":true,"href":"https:\/\/kvitkainfo.com\/cs\/wp-json\/wp\/v2\/tags?post=13272"}],"curies":[{"name":"wp","href":"https:\/\/api.w.org\/{rel}","templated":true}]}}